{"id":9826,"date":"2022-03-16T12:42:20","date_gmt":"2022-03-16T12:42:20","guid":{"rendered":"https:\/\/isf.fo\/?p=9826"},"modified":"2022-03-17T19:01:00","modified_gmt":"2022-03-17T19:01:00","slug":"fyrsta-idkaranevndin-er-nu-vald","status":"publish","type":"post","link":"https:\/\/isf.fo\/en\/fyrsta-idkaranevndin-er-nu-vald\/","title":{"rendered":"Fyrsta \u00ed\u00f0karanevndin er n\u00fa vald"},"content":{"rendered":"<p><strong>F\u00f8royskur \u00edtr\u00f3ttur hevur n\u00fa \u00e1 fyrsta sinni fingi\u00f0 eina \u00ed\u00f0karanevnd. Fimm f\u00f8roysk \u00edtr\u00f3ttarf\u00f3lk manna nevndina, i\u00f0 skal umbo\u00f0a sj\u00f3narmi\u00f0ini hj\u00e1 \u00f8llum \u00ed\u00f0karum \u00ed F\u00f8royum. Hartil skal n\u00fdggja nevndin takast vi\u00f0 upp\u00e1 r\u00e1\u00f0 \u00ed vi\u00f0urskiftum hj\u00e1 \u00farvals\u00ed\u00f0karum<\/strong><\/p>\n\n\n\n<p>Tey, i\u00f0 manna hesa fyrstu \u00ed\u00f0karanevndina eru:<\/p>\n\n\n\n<ul class=\"wp-block-list\"><li><strong>H\u00e1vard Vatnhamar<\/strong> (Parasport F\u00f8royar)<\/li><\/ul>\n\n\n\n<ul class=\"wp-block-list\"><li><strong>Edna Maria Debes<\/strong> (Fr\u00e6lsur \u00cdtr\u00f3ttur F\u00f8roya)<\/li><\/ul>\n\n\n\n<ul class=\"wp-block-list\"><li><strong>Gunnva Jacobsen<\/strong> (Badmintonsamband F\u00f8roya)<\/li><\/ul>\n\n\n\n<ul class=\"wp-block-list\"><li><strong>Torkil Veyhe<\/strong> (Sersambandi\u00f0 fyri S\u00fakkling og Triathlon)<\/li><\/ul>\n\n\n\n<ul class=\"wp-block-list\"><li><strong>Petur Sigur\u00f0 Johannesen<\/strong> (Judo F\u00f8royar)<\/li><\/ul>\n\n\n\n<p>Samb\u00e6rt reglunum skal nevndin hava javnst\u00f8\u00f0u, umframt, at ein limur skal vera fr\u00e1 Parasport. Forf\u00f3lki\u00f0 tekur s\u00e6ti \u00ed starvsnevndini hj\u00e1 \u00cdSF og fer t\u00ed at vera vi\u00f0 til at mynda \u00cdSF frameftir. Nevndin&nbsp; skipar seg \u00e1 fyrsta fundinum.<\/p>\n\n\n\n<p>Ta\u00f0 var samtykt \u00e1 a\u00f0alfundinum \u00ed fj\u00f8r, at F\u00f8royar skuldu liva upp til kr\u00f8vini fr\u00e1 IOC um eina \u00ed\u00f0karanevnd, solei\u00f0is at tey \u00ed\u00f0kandi, i\u00f0 eru seri\u00f8s og vilja n\u00e1a langt, f\u00e1a eina r\u00f8dd, har avger\u00f0irnar ver\u00f0a tiknar.<\/p>\n\n\n\n<p>Hj\u00e1 \u00cdSF fegnast tey um undirt\u00f8kuna til hetta fyrsta vali\u00f0, og at heili 11 ymisk f\u00f3lk stilla\u00f0u upp.<\/p>\n\n\n\n<p>Kr\u00f8vini til tey uppstilla\u00f0u eru, at tey innanfyri seinastu 6 \u00e1rini skulu hava luttiki\u00f0 \u00ed altj\u00f3\u00f0a vaksnamannakappingum \u2013 til d\u00f8mis HM, EM, NM ella Oyggjaleikum, t\u00e1 tey v\u00f3ru 18 \u00e1r ella eldri. Hetta sama er galdandi fyri tey, sum skulu velja.<\/p>\n\n\n\n<p>H\u00f3ast limirnir \u00ed n\u00fdvaldu nevndini \u00f8ll hava \u00ed\u00f0ka\u00f0 \u00e1v\u00edsar \u00edtr\u00f3ttargreinar, skulu tey \u00ed \u00cd\u00f0karanevndini umbo\u00f0a \u00f8ll \u00ed\u00f0kandi og allar \u00edtr\u00f3ttargreinar her \u00e1 landi.<\/p>\n\n\n\n<p>Valskei\u00f0i\u00f0 er vanliga f\u00fdra \u00e1r, t\u00f3 val anna\u00f0hv\u00f8rt \u00e1r, so at hv\u00f8rji tvey \u00e1r eru \u00e1vikavist tveir og tr\u00edggir nevndarlimir fyri vali. Hendan fyrsta \u00ed\u00f0karanevndin situr t\u00f3 til \u00e1 heysti 2023, eftir n\u00e6stu oyggjaleikir.<\/p>\n\n\n\n<p>S\u00ed <strong><a href=\"https:\/\/isf.fo\/en\/logir\/reglugerd-idkaranevnd\/\">regluger\u00f0 fyri \u00cd\u00f0karanevnd<\/a><\/strong><\/p>","protected":false},"excerpt":{"rendered":"<p>F\u00f8royskur \u00edtr\u00f3ttur hevur n\u00fa \u00e1 fyrsta sinni fingi\u00f0 eina \u00ed\u00f0karanevnd. Fimm f\u00f8roysk \u00edtr\u00f3ttarf\u00f3lk manna nevndina, i\u00f0 skal umbo\u00f0a sj\u00f3narmi\u00f0ini hj\u00e1 [&hellip;]<\/p>\n","protected":false},"author":7,"featured_media":9827,"comment_status":"closed","ping_status":"closed","sticky":false,"template":"","format":"standard","meta":{"_acf_changed":false,"_relevanssi_hide_post":"","_relevanssi_hide_content":"","_relevanssi_pin_for_all":"","_relevanssi_pin_keywords":"","_relevanssi_unpin_keywords":"","_relevanssi_related_keywords":"","_relevanssi_related_include_ids":"","_relevanssi_related_exclude_ids":"","_relevanssi_related_no_append":"","_relevanssi_related_not_related":"","_relevanssi_related_posts":"","_relevanssi_noindex_reason":"","inline_featured_image":false,"footnotes":""},"categories":[2,4],"tags":[],"class_list":["post-9826","post","type-post","status-publish","format-standard","has-post-thumbnail","hentry","category-isf","category-menning"],"acf":[],"yoast_head":"<!-- This site is optimized with the Yoast SEO plugin v27.5 - https:\/\/yoast.com\/product\/yoast-seo-wordpress\/ -->\n<title>Fyrsta \u00ed\u00f0karanevndin er n\u00fa vald - \u00cdtr\u00f3ttasamband F\u00f8roya<\/title>\n<meta name=\"robots\" content=\"index, follow, max-snippet:-1, max-image-preview:large, max-video-preview:-1\" \/>\n<link rel=\"canonical\" href=\"https:\/\/isf.fo\/en\/fyrsta-idkaranevndin-er-nu-vald\/\" \/>\n<meta property=\"og:locale\" content=\"en_US\" \/>\n<meta property=\"og:type\" content=\"article\" \/>\n<meta property=\"og:title\" content=\"Fyrsta \u00ed\u00f0karanevndin er n\u00fa vald - \u00cdtr\u00f3ttasamband F\u00f8roya\" \/>\n<meta property=\"og:description\" content=\"F\u00f8royskur \u00edtr\u00f3ttur hevur n\u00fa \u00e1 fyrsta sinni fingi\u00f0 eina \u00ed\u00f0karanevnd. Fimm f\u00f8roysk \u00edtr\u00f3ttarf\u00f3lk manna nevndina, i\u00f0 skal umbo\u00f0a sj\u00f3narmi\u00f0ini hj\u00e1 [&hellip;]\" \/>\n<meta property=\"og:url\" content=\"https:\/\/isf.fo\/en\/fyrsta-idkaranevndin-er-nu-vald\/\" \/>\n<meta property=\"og:site_name\" content=\"\u00cdtr\u00f3ttasamband F\u00f8roya\" \/>\n<meta property=\"article:publisher\" content=\"https:\/\/www.facebook.com\/itrottasambandid\" \/>\n<meta property=\"article:published_time\" content=\"2022-03-16T12:42:20+00:00\" \/>\n<meta property=\"article:modified_time\" content=\"2022-03-17T19:01:00+00:00\" \/>\n<meta property=\"og:image\" content=\"https:\/\/d21ockg4ri0hhk.cloudfront.net\/wp-content\/uploads\/2022\/03\/30191946\/2022-03-16-Mynd-av-nevndini-til-heimasiduna.png\" \/>\n\t<meta property=\"og:image:width\" content=\"1012\" \/>\n\t<meta property=\"og:image:height\" content=\"679\" \/>\n\t<meta property=\"og:image:type\" content=\"image\/png\" \/>\n<meta name=\"author\" content=\"Finnbj\u00f8rg Nattestad\" \/>\n<meta name=\"twitter:card\" content=\"summary_large_image\" \/>\n<meta name=\"twitter:label1\" content=\"Written by\" \/>\n\t<meta name=\"twitter:data1\" content=\"Finnbj\u00f8rg Nattestad\" \/>\n\t<meta name=\"twitter:label2\" content=\"Est. reading time\" \/>\n\t<meta name=\"twitter:data2\" content=\"2 minutes\" \/>\n<script type=\"application\/ld+json\" class=\"yoast-schema-graph\">{\"@context\":\"https:\\\/\\\/schema.org\",\"@graph\":[{\"@type\":\"Article\",\"@id\":\"https:\\\/\\\/isf.fo\\\/fyrsta-idkaranevndin-er-nu-vald\\\/#article\",\"isPartOf\":{\"@id\":\"https:\\\/\\\/isf.fo\\\/fyrsta-idkaranevndin-er-nu-vald\\\/\"},\"author\":{\"name\":\"Finnbj\u00f8rg Nattestad\",\"@id\":\"https:\\\/\\\/isf.fo\\\/#\\\/schema\\\/person\\\/40282266438b1b15251ad39401612366\"},\"headline\":\"Fyrsta \u00ed\u00f0karanevndin er n\u00fa vald\",\"datePublished\":\"2022-03-16T12:42:20+00:00\",\"dateModified\":\"2022-03-17T19:01:00+00:00\",\"mainEntityOfPage\":{\"@id\":\"https:\\\/\\\/isf.fo\\\/fyrsta-idkaranevndin-er-nu-vald\\\/\"},\"wordCount\":309,\"publisher\":{\"@id\":\"https:\\\/\\\/isf.fo\\\/#organization\"},\"image\":{\"@id\":\"https:\\\/\\\/isf.fo\\\/fyrsta-idkaranevndin-er-nu-vald\\\/#primaryimage\"},\"thumbnailUrl\":\"https:\\\/\\\/d21ockg4ri0hhk.cloudfront.net\\\/wp-content\\\/uploads\\\/2022\\\/03\\\/30191946\\\/2022-03-16-Mynd-av-nevndini-til-heimasiduna.png\",\"articleSection\":[\"\u00cdSF\",\"Menning\"],\"inLanguage\":\"en-US\"},{\"@type\":\"WebPage\",\"@id\":\"https:\\\/\\\/isf.fo\\\/fyrsta-idkaranevndin-er-nu-vald\\\/\",\"url\":\"https:\\\/\\\/isf.fo\\\/fyrsta-idkaranevndin-er-nu-vald\\\/\",\"name\":\"Fyrsta \u00ed\u00f0karanevndin er n\u00fa vald - \u00cdtr\u00f3ttasamband F\u00f8roya\",\"isPartOf\":{\"@id\":\"https:\\\/\\\/isf.fo\\\/#website\"},\"primaryImageOfPage\":{\"@id\":\"https:\\\/\\\/isf.fo\\\/fyrsta-idkaranevndin-er-nu-vald\\\/#primaryimage\"},\"image\":{\"@id\":\"https:\\\/\\\/isf.fo\\\/fyrsta-idkaranevndin-er-nu-vald\\\/#primaryimage\"},\"thumbnailUrl\":\"https:\\\/\\\/d21ockg4ri0hhk.cloudfront.net\\\/wp-content\\\/uploads\\\/2022\\\/03\\\/30191946\\\/2022-03-16-Mynd-av-nevndini-til-heimasiduna.png\",\"datePublished\":\"2022-03-16T12:42:20+00:00\",\"dateModified\":\"2022-03-17T19:01:00+00:00\",\"breadcrumb\":{\"@id\":\"https:\\\/\\\/isf.fo\\\/fyrsta-idkaranevndin-er-nu-vald\\\/#breadcrumb\"},\"inLanguage\":\"en-US\",\"potentialAction\":[{\"@type\":\"ReadAction\",\"target\":[\"https:\\\/\\\/isf.fo\\\/fyrsta-idkaranevndin-er-nu-vald\\\/\"]}]},{\"@type\":\"ImageObject\",\"inLanguage\":\"en-US\",\"@id\":\"https:\\\/\\\/isf.fo\\\/fyrsta-idkaranevndin-er-nu-vald\\\/#primaryimage\",\"url\":\"https:\\\/\\\/d21ockg4ri0hhk.cloudfront.net\\\/wp-content\\\/uploads\\\/2022\\\/03\\\/30191946\\\/2022-03-16-Mynd-av-nevndini-til-heimasiduna.png\",\"contentUrl\":\"https:\\\/\\\/d21ockg4ri0hhk.cloudfront.net\\\/wp-content\\\/uploads\\\/2022\\\/03\\\/30191946\\\/2022-03-16-Mynd-av-nevndini-til-heimasiduna.png\",\"width\":1012,\"height\":679},{\"@type\":\"BreadcrumbList\",\"@id\":\"https:\\\/\\\/isf.fo\\\/fyrsta-idkaranevndin-er-nu-vald\\\/#breadcrumb\",\"itemListElement\":[{\"@type\":\"ListItem\",\"position\":1,\"name\":\"Home\",\"item\":\"https:\\\/\\\/isf.fo\\\/\"},{\"@type\":\"ListItem\",\"position\":2,\"name\":\"Fyrsta \u00ed\u00f0karanevndin er n\u00fa vald\"}]},{\"@type\":\"WebSite\",\"@id\":\"https:\\\/\\\/isf.fo\\\/#website\",\"url\":\"https:\\\/\\\/isf.fo\\\/\",\"name\":\"\u00cdtr\u00f3ttasamband F\u00f8roya\",\"description\":\"\",\"publisher\":{\"@id\":\"https:\\\/\\\/isf.fo\\\/#organization\"},\"potentialAction\":[{\"@type\":\"SearchAction\",\"target\":{\"@type\":\"EntryPoint\",\"urlTemplate\":\"https:\\\/\\\/isf.fo\\\/?s={search_term_string}\"},\"query-input\":{\"@type\":\"PropertyValueSpecification\",\"valueRequired\":true,\"valueName\":\"search_term_string\"}}],\"inLanguage\":\"en-US\"},{\"@type\":\"Organization\",\"@id\":\"https:\\\/\\\/isf.fo\\\/#organization\",\"name\":\"\u00cdtr\u00f3ttasamband F\u00f8roya\",\"url\":\"https:\\\/\\\/isf.fo\\\/\",\"logo\":{\"@type\":\"ImageObject\",\"inLanguage\":\"en-US\",\"@id\":\"https:\\\/\\\/isf.fo\\\/#\\\/schema\\\/logo\\\/image\\\/\",\"url\":\"https:\\\/\\\/isf.fo\\\/wp-content\\\/uploads\\\/2025\\\/06\\\/ISF_Olympic-Committee-logo.png\",\"contentUrl\":\"https:\\\/\\\/isf.fo\\\/wp-content\\\/uploads\\\/2025\\\/06\\\/ISF_Olympic-Committee-logo.png\",\"width\":618,\"height\":121,\"caption\":\"\u00cdtr\u00f3ttasamband F\u00f8roya\"},\"image\":{\"@id\":\"https:\\\/\\\/isf.fo\\\/#\\\/schema\\\/logo\\\/image\\\/\"},\"sameAs\":[\"https:\\\/\\\/www.facebook.com\\\/itrottasambandid\"]},{\"@type\":\"Person\",\"@id\":\"https:\\\/\\\/isf.fo\\\/#\\\/schema\\\/person\\\/40282266438b1b15251ad39401612366\",\"name\":\"Finnbj\u00f8rg Nattestad\",\"image\":{\"@type\":\"ImageObject\",\"inLanguage\":\"en-US\",\"@id\":\"https:\\\/\\\/secure.gravatar.com\\\/avatar\\\/8abac675fc6517af7fca6afac1f3d82d100c45ced81d3c217cda179b6904938f?s=96&d=mm&r=g\",\"url\":\"https:\\\/\\\/secure.gravatar.com\\\/avatar\\\/8abac675fc6517af7fca6afac1f3d82d100c45ced81d3c217cda179b6904938f?s=96&d=mm&r=g\",\"contentUrl\":\"https:\\\/\\\/secure.gravatar.com\\\/avatar\\\/8abac675fc6517af7fca6afac1f3d82d100c45ced81d3c217cda179b6904938f?s=96&d=mm&r=g\",\"caption\":\"Finnbj\u00f8rg Nattestad\"},\"url\":\"https:\\\/\\\/isf.fo\\\/en\\\/author\\\/finnbjorg\\\/\"}]}<\/script>\n<!-- \/ Yoast SEO plugin. -->","yoast_head_json":{"title":"Fyrsta \u00ed\u00f0karanevndin er n\u00fa vald - \u00cdtr\u00f3ttasamband F\u00f8roya","robots":{"index":"index","follow":"follow","max-snippet":"max-snippet:-1","max-image-preview":"max-image-preview:large","max-video-preview":"max-video-preview:-1"},"canonical":"https:\/\/isf.fo\/en\/fyrsta-idkaranevndin-er-nu-vald\/","og_locale":"en_US","og_type":"article","og_title":"Fyrsta \u00ed\u00f0karanevndin er n\u00fa vald - \u00cdtr\u00f3ttasamband F\u00f8roya","og_description":"F\u00f8royskur \u00edtr\u00f3ttur hevur n\u00fa \u00e1 fyrsta sinni fingi\u00f0 eina \u00ed\u00f0karanevnd. Fimm f\u00f8roysk \u00edtr\u00f3ttarf\u00f3lk manna nevndina, i\u00f0 skal umbo\u00f0a sj\u00f3narmi\u00f0ini hj\u00e1 [&hellip;]","og_url":"https:\/\/isf.fo\/en\/fyrsta-idkaranevndin-er-nu-vald\/","og_site_name":"\u00cdtr\u00f3ttasamband F\u00f8roya","article_publisher":"https:\/\/www.facebook.com\/itrottasambandid","article_published_time":"2022-03-16T12:42:20+00:00","article_modified_time":"2022-03-17T19:01:00+00:00","og_image":[{"width":1012,"height":679,"url":"https:\/\/d21ockg4ri0hhk.cloudfront.net\/wp-content\/uploads\/2022\/03\/30191946\/2022-03-16-Mynd-av-nevndini-til-heimasiduna.png","type":"image\/png"}],"author":"Finnbj\u00f8rg Nattestad","twitter_card":"summary_large_image","twitter_misc":{"Written by":"Finnbj\u00f8rg Nattestad","Est. reading time":"2 minutes"},"schema":{"@context":"https:\/\/schema.org","@graph":[{"@type":"Article","@id":"https:\/\/isf.fo\/fyrsta-idkaranevndin-er-nu-vald\/#article","isPartOf":{"@id":"https:\/\/isf.fo\/fyrsta-idkaranevndin-er-nu-vald\/"},"author":{"name":"Finnbj\u00f8rg Nattestad","@id":"https:\/\/isf.fo\/#\/schema\/person\/40282266438b1b15251ad39401612366"},"headline":"Fyrsta \u00ed\u00f0karanevndin er n\u00fa vald","datePublished":"2022-03-16T12:42:20+00:00","dateModified":"2022-03-17T19:01:00+00:00","mainEntityOfPage":{"@id":"https:\/\/isf.fo\/fyrsta-idkaranevndin-er-nu-vald\/"},"wordCount":309,"publisher":{"@id":"https:\/\/isf.fo\/#organization"},"image":{"@id":"https:\/\/isf.fo\/fyrsta-idkaranevndin-er-nu-vald\/#primaryimage"},"thumbnailUrl":"https:\/\/d21ockg4ri0hhk.cloudfront.net\/wp-content\/uploads\/2022\/03\/30191946\/2022-03-16-Mynd-av-nevndini-til-heimasiduna.png","articleSection":["\u00cdSF","Menning"],"inLanguage":"en-US"},{"@type":"WebPage","@id":"https:\/\/isf.fo\/fyrsta-idkaranevndin-er-nu-vald\/","url":"https:\/\/isf.fo\/fyrsta-idkaranevndin-er-nu-vald\/","name":"Fyrsta \u00ed\u00f0karanevndin er n\u00fa vald - \u00cdtr\u00f3ttasamband F\u00f8roya","isPartOf":{"@id":"https:\/\/isf.fo\/#website"},"primaryImageOfPage":{"@id":"https:\/\/isf.fo\/fyrsta-idkaranevndin-er-nu-vald\/#primaryimage"},"image":{"@id":"https:\/\/isf.fo\/fyrsta-idkaranevndin-er-nu-vald\/#primaryimage"},"thumbnailUrl":"https:\/\/d21ockg4ri0hhk.cloudfront.net\/wp-content\/uploads\/2022\/03\/30191946\/2022-03-16-Mynd-av-nevndini-til-heimasiduna.png","datePublished":"2022-03-16T12:42:20+00:00","dateModified":"2022-03-17T19:01:00+00:00","breadcrumb":{"@id":"https:\/\/isf.fo\/fyrsta-idkaranevndin-er-nu-vald\/#breadcrumb"},"inLanguage":"en-US","potentialAction":[{"@type":"ReadAction","target":["https:\/\/isf.fo\/fyrsta-idkaranevndin-er-nu-vald\/"]}]},{"@type":"ImageObject","inLanguage":"en-US","@id":"https:\/\/isf.fo\/fyrsta-idkaranevndin-er-nu-vald\/#primaryimage","url":"https:\/\/d21ockg4ri0hhk.cloudfront.net\/wp-content\/uploads\/2022\/03\/30191946\/2022-03-16-Mynd-av-nevndini-til-heimasiduna.png","contentUrl":"https:\/\/d21ockg4ri0hhk.cloudfront.net\/wp-content\/uploads\/2022\/03\/30191946\/2022-03-16-Mynd-av-nevndini-til-heimasiduna.png","width":1012,"height":679},{"@type":"BreadcrumbList","@id":"https:\/\/isf.fo\/fyrsta-idkaranevndin-er-nu-vald\/#breadcrumb","itemListElement":[{"@type":"ListItem","position":1,"name":"Home","item":"https:\/\/isf.fo\/"},{"@type":"ListItem","position":2,"name":"Fyrsta \u00ed\u00f0karanevndin er n\u00fa vald"}]},{"@type":"WebSite","@id":"https:\/\/isf.fo\/#website","url":"https:\/\/isf.fo\/","name":"\u00cdtr\u00f3ttasamband F\u00f8roya","description":"","publisher":{"@id":"https:\/\/isf.fo\/#organization"},"potentialAction":[{"@type":"SearchAction","target":{"@type":"EntryPoint","urlTemplate":"https:\/\/isf.fo\/?s={search_term_string}"},"query-input":{"@type":"PropertyValueSpecification","valueRequired":true,"valueName":"search_term_string"}}],"inLanguage":"en-US"},{"@type":"Organization","@id":"https:\/\/isf.fo\/#organization","name":"\u00cdtr\u00f3ttasamband F\u00f8roya","url":"https:\/\/isf.fo\/","logo":{"@type":"ImageObject","inLanguage":"en-US","@id":"https:\/\/isf.fo\/#\/schema\/logo\/image\/","url":"https:\/\/isf.fo\/wp-content\/uploads\/2025\/06\/ISF_Olympic-Committee-logo.png","contentUrl":"https:\/\/isf.fo\/wp-content\/uploads\/2025\/06\/ISF_Olympic-Committee-logo.png","width":618,"height":121,"caption":"\u00cdtr\u00f3ttasamband F\u00f8roya"},"image":{"@id":"https:\/\/isf.fo\/#\/schema\/logo\/image\/"},"sameAs":["https:\/\/www.facebook.com\/itrottasambandid"]},{"@type":"Person","@id":"https:\/\/isf.fo\/#\/schema\/person\/40282266438b1b15251ad39401612366","name":"Finnbj\u00f8rg Nattestad","image":{"@type":"ImageObject","inLanguage":"en-US","@id":"https:\/\/secure.gravatar.com\/avatar\/8abac675fc6517af7fca6afac1f3d82d100c45ced81d3c217cda179b6904938f?s=96&d=mm&r=g","url":"https:\/\/secure.gravatar.com\/avatar\/8abac675fc6517af7fca6afac1f3d82d100c45ced81d3c217cda179b6904938f?s=96&d=mm&r=g","contentUrl":"https:\/\/secure.gravatar.com\/avatar\/8abac675fc6517af7fca6afac1f3d82d100c45ced81d3c217cda179b6904938f?s=96&d=mm&r=g","caption":"Finnbj\u00f8rg Nattestad"},"url":"https:\/\/isf.fo\/en\/author\/finnbjorg\/"}]}},"_links":{"self":[{"href":"https:\/\/isf.fo\/en\/wp-json\/wp\/v2\/posts\/9826","targetHints":{"allow":["GET"]}}],"collection":[{"href":"https:\/\/isf.fo\/en\/wp-json\/wp\/v2\/posts"}],"about":[{"href":"https:\/\/isf.fo\/en\/wp-json\/wp\/v2\/types\/post"}],"author":[{"embeddable":true,"href":"https:\/\/isf.fo\/en\/wp-json\/wp\/v2\/users\/7"}],"replies":[{"embeddable":true,"href":"https:\/\/isf.fo\/en\/wp-json\/wp\/v2\/comments?post=9826"}],"version-history":[{"count":1,"href":"https:\/\/isf.fo\/en\/wp-json\/wp\/v2\/posts\/9826\/revisions"}],"predecessor-version":[{"id":9828,"href":"https:\/\/isf.fo\/en\/wp-json\/wp\/v2\/posts\/9826\/revisions\/9828"}],"wp:featuredmedia":[{"embeddable":true,"href":"https:\/\/isf.fo\/en\/wp-json\/wp\/v2\/media\/9827"}],"wp:attachment":[{"href":"https:\/\/isf.fo\/en\/wp-json\/wp\/v2\/media?parent=9826"}],"wp:term":[{"taxonomy":"category","embeddable":true,"href":"https:\/\/isf.fo\/en\/wp-json\/wp\/v2\/categories?post=9826"},{"taxonomy":"post_tag","embeddable":true,"href":"https:\/\/isf.fo\/en\/wp-json\/wp\/v2\/tags?post=9826"}],"curies":[{"name":"wp","href":"https:\/\/api.w.org\/{rel}","templated":true}]}}